{"id":278,"date":"2023-09-16T17:09:21","date_gmt":"2023-09-16T15:09:21","guid":{"rendered":"http:\/\/scppstrecno.sk\/?p=278"},"modified":"2023-09-29T21:13:59","modified_gmt":"2023-09-29T19:13:59","slug":"clanok-1-test","status":"publish","type":"post","link":"https:\/\/scppstrecno.sk\/?p=278","title":{"rendered":"NOV\u00c1 TER\u00e9NNa KANCEL\u00c1RIA"},"content":{"rendered":"\n<h1 class=\"wp-block-heading\">od 1.9. n\u00e1s n\u00e1jdete v priestoroch Republiky 8<\/h1>\n\n\n\n<p>Sme S\u00fakromn\u00e9 centrum poradenstva a prevencie so s\u00eddlom v Stre\u010dne (Ul. Ml\u00e1de\u017ee 289\/1, Stre\u010dno) a z\u00e1rove\u0148 pracujeme v 2 prev\u00e1dzkach v centre \u017diliny: Ul. Republiky 8 a v priestoroch zria\u010fovate\u013ea na ul. M. R. \u0160tef\u00e1nika 34. V sieti \u0161k\u00f4l a \u0161kolsk\u00fdch zariaden\u00ed sme zaraden\u00ed od 01.04.2015, pred reformou poradensk\u00e9ho syst\u00e9mu, realizovanou M\u0160VVa\u0160 SR,\u00a0ste n\u00e1s mohli pozna\u0165 pod n\u00e1zvom\u00a0S\u00fakromn\u00e9 centrum \u0161peci\u00e1lno-pedagogick\u00e9ho poradenstva.<\/p>\n\n\n\n<p>Po danej reforme 1.1.2023 sme roz\u0161\u00edrili n\u00e1\u0161 pracovn\u00fd t\u00edm o \u010fal\u0161\u00edch odborn\u00edkov. Poskytujeme r\u00f4zne odborn\u00e9 slu\u017eby &#8211; diagnostiku, poradenstvo, depist\u00e1\u017e, reeduk\u00e1ciu, terapiu, kr\u00edzov\u00fa intervenciu a prevent\u00edvne programy pre prv\u00fd a druh\u00fd stupe\u0148 z\u00e1kladnej&nbsp;\u0161koly a matersk\u00e9 \u0161koly.<\/p>\n\n\n\n<p><strong>Aktu\u00e1lne&nbsp;&nbsp;prij\u00edmame&nbsp;do starostlivosti nov\u00fdch klientov.<\/strong> <\/p>\n\n\n\n<p><\/p>\n\n\n\n<p>Aktuality n\u00e1jdete na na\u0161ej fanpage &#8222;S\u00fakromn\u00e9 centrum poradenstva a prevencie Stre\u010dno&#8220; a webovej str\u00e1nke.<\/p>\n\n\n\n<p>V pr\u00edpade ot\u00e1zok n\u00e1s kontaktujte na&nbsp;tel. \u010d\u00edsle: 0918 043 690 alebo e-mail: <a href=\"mailto:cpp.strecno@gmail.com\" target=\"_blank\" rel=\"noreferrer noopener\">cpp.strecno@gmail.com<\/a>.<\/p>\n\n\n\n<p>S pozdravom<\/p>\n\n\n\n<p>T\u00edm SCPP<\/p>\n\n\n\n<p><\/p>\n","protected":false},"excerpt":{"rendered":"<p>od 1.9. n\u00e1s n\u00e1jdete v priestoroch Republiky 8 Sme S\u00fakromn\u00e9 centrum poradenstva a prevencie so s\u00eddlom v Stre\u010dne (Ul. Ml\u00e1de\u017ee 289\/1, Stre\u010dno) a z\u00e1rove\u0148 pracujeme v 2 prev\u00e1dzkach v centre \u017diliny: Ul. Republiky 8 a v priestoroch zria\u010fovate\u013ea na ul. M. R. \u0160tef\u00e1nika 34. V sieti \u0161k\u00f4l a \u0161kolsk\u00fdch zariaden\u00ed sme zaraden\u00ed od 01.04.2015, pred [&hellip;]<\/p>\n","protected":false},"author":1,"featured_media":234,"comment_status":"open","ping_status":"open","sticky":false,"template":"","format":"standard","meta":{"_et_pb_use_builder":"off","_et_pb_old_content":"","_et_gb_content_width":"","_monsterinsights_skip_tracking":false,"_monsterinsights_sitenote_active":false,"_monsterinsights_sitenote_note":"","_monsterinsights_sitenote_category":0,"footnotes":""},"categories":[1],"tags":[],"yoast_head":"<!-- This site is optimized with the Yoast SEO plugin v21.1 - https:\/\/yoast.com\/wordpress\/plugins\/seo\/ -->\n<title>NOV\u00c1 TER\u00e9NNa KANCEL\u00c1RIA - scppstrecno.sk<\/title>\n<meta name=\"robots\" content=\"index, follow, max-snippet:-1, max-image-preview:large, max-video-preview:-1\" \/>\n<link rel=\"canonical\" href=\"https:\/\/scppstrecno.sk\/?p=278\" \/>\n<meta property=\"og:locale\" content=\"sk_SK\" \/>\n<meta property=\"og:type\" content=\"article\" \/>\n<meta property=\"og:title\" content=\"NOV\u00c1 TER\u00e9NNa KANCEL\u00c1RIA - scppstrecno.sk\" \/>\n<meta property=\"og:description\" content=\"od 1.9. n\u00e1s n\u00e1jdete v priestoroch Republiky 8 Sme S\u00fakromn\u00e9 centrum poradenstva a prevencie so s\u00eddlom v Stre\u010dne (Ul. Ml\u00e1de\u017ee 289\/1, Stre\u010dno) a z\u00e1rove\u0148 pracujeme v 2 prev\u00e1dzkach v centre \u017diliny: Ul. Republiky 8 a v priestoroch zria\u010fovate\u013ea na ul. M. R. \u0160tef\u00e1nika 34. V sieti \u0161k\u00f4l a \u0161kolsk\u00fdch zariaden\u00ed sme zaraden\u00ed od 01.04.2015, pred [&hellip;]\" \/>\n<meta property=\"og:url\" content=\"https:\/\/scppstrecno.sk\/?p=278\" \/>\n<meta property=\"og:site_name\" content=\"scppstrecno.sk\" \/>\n<meta property=\"article:published_time\" content=\"2023-09-16T15:09:21+00:00\" \/>\n<meta property=\"article:modified_time\" content=\"2023-09-29T19:13:59+00:00\" \/>\n<meta property=\"og:image\" content=\"http:\/\/scppstrecno.sk\/wp-content\/uploads\/2023\/09\/interpreter-icon-24.png\" \/>\n\t<meta property=\"og:image:width\" content=\"80\" \/>\n\t<meta property=\"og:image:height\" content=\"80\" \/>\n\t<meta property=\"og:image:type\" content=\"image\/png\" \/>\n<meta name=\"author\" content=\"SCPPstrecno\" \/>\n<meta name=\"twitter:card\" content=\"summary_large_image\" \/>\n<meta name=\"twitter:label1\" content=\"Autor\" \/>\n\t<meta name=\"twitter:data1\" content=\"SCPPstrecno\" \/>\n\t<meta name=\"twitter:label2\" content=\"Predpokladan\u00fd \u010das \u010d\u00edtania\" \/>\n\t<meta name=\"twitter:data2\" content=\"1 min\u00fata\" \/>\n<script type=\"application\/ld+json\" class=\"yoast-schema-graph\">{\"@context\":\"https:\/\/schema.org\",\"@graph\":[{\"@type\":\"WebPage\",\"@id\":\"https:\/\/scppstrecno.sk\/?p=278\",\"url\":\"https:\/\/scppstrecno.sk\/?p=278\",\"name\":\"NOV\u00c1 TER\u00e9NNa KANCEL\u00c1RIA - scppstrecno.sk\",\"isPartOf\":{\"@id\":\"https:\/\/scppstrecno.sk\/#website\"},\"datePublished\":\"2023-09-16T15:09:21+00:00\",\"dateModified\":\"2023-09-29T19:13:59+00:00\",\"author\":{\"@id\":\"https:\/\/scppstrecno.sk\/#\/schema\/person\/ce374b7d6600ea9f4dae2e34770ef7cd\"},\"breadcrumb\":{\"@id\":\"https:\/\/scppstrecno.sk\/?p=278#breadcrumb\"},\"inLanguage\":\"sk-SK\",\"potentialAction\":[{\"@type\":\"ReadAction\",\"target\":[\"https:\/\/scppstrecno.sk\/?p=278\"]}]},{\"@type\":\"BreadcrumbList\",\"@id\":\"https:\/\/scppstrecno.sk\/?p=278#breadcrumb\",\"itemListElement\":[{\"@type\":\"ListItem\",\"position\":1,\"name\":\"Home\",\"item\":\"https:\/\/scppstrecno.sk\/\"},{\"@type\":\"ListItem\",\"position\":2,\"name\":\"NOV\u00c1 TER\u00e9NNa KANCEL\u00c1RIA\"}]},{\"@type\":\"WebSite\",\"@id\":\"https:\/\/scppstrecno.sk\/#website\",\"url\":\"https:\/\/scppstrecno.sk\/\",\"name\":\"scppstrecno.sk\",\"description\":\"\",\"potentialAction\":[{\"@type\":\"SearchAction\",\"target\":{\"@type\":\"EntryPoint\",\"urlTemplate\":\"https:\/\/scppstrecno.sk\/?s={search_term_string}\"},\"query-input\":\"required name=search_term_string\"}],\"inLanguage\":\"sk-SK\"},{\"@type\":\"Person\",\"@id\":\"https:\/\/scppstrecno.sk\/#\/schema\/person\/ce374b7d6600ea9f4dae2e34770ef7cd\",\"name\":\"SCPPstrecno\",\"image\":{\"@type\":\"ImageObject\",\"inLanguage\":\"sk-SK\",\"@id\":\"https:\/\/scppstrecno.sk\/#\/schema\/person\/image\/\",\"url\":\"https:\/\/secure.gravatar.com\/avatar\/77bbd24804f8e003dcff1e6d152039cd?s=96&d=mm&r=g\",\"contentUrl\":\"https:\/\/secure.gravatar.com\/avatar\/77bbd24804f8e003dcff1e6d152039cd?s=96&d=mm&r=g\",\"caption\":\"SCPPstrecno\"},\"sameAs\":[\"http:\/\/scppstrecno.sk\"],\"url\":\"https:\/\/scppstrecno.sk\/?author=1\"}]}<\/script>\n<!-- \/ Yoast SEO plugin. -->","yoast_head_json":{"title":"NOV\u00c1 TER\u00e9NNa KANCEL\u00c1RIA - scppstrecno.sk","robots":{"index":"index","follow":"follow","max-snippet":"max-snippet:-1","max-image-preview":"max-image-preview:large","max-video-preview":"max-video-preview:-1"},"canonical":"https:\/\/scppstrecno.sk\/?p=278","og_locale":"sk_SK","og_type":"article","og_title":"NOV\u00c1 TER\u00e9NNa KANCEL\u00c1RIA - scppstrecno.sk","og_description":"od 1.9. n\u00e1s n\u00e1jdete v priestoroch Republiky 8 Sme S\u00fakromn\u00e9 centrum poradenstva a prevencie so s\u00eddlom v Stre\u010dne (Ul. Ml\u00e1de\u017ee 289\/1, Stre\u010dno) a z\u00e1rove\u0148 pracujeme v 2 prev\u00e1dzkach v centre \u017diliny: Ul. Republiky 8 a v priestoroch zria\u010fovate\u013ea na ul. M. R. \u0160tef\u00e1nika 34. V sieti \u0161k\u00f4l a \u0161kolsk\u00fdch zariaden\u00ed sme zaraden\u00ed od 01.04.2015, pred [&hellip;]","og_url":"https:\/\/scppstrecno.sk\/?p=278","og_site_name":"scppstrecno.sk","article_published_time":"2023-09-16T15:09:21+00:00","article_modified_time":"2023-09-29T19:13:59+00:00","og_image":[{"width":80,"height":80,"url":"http:\/\/scppstrecno.sk\/wp-content\/uploads\/2023\/09\/interpreter-icon-24.png","type":"image\/png"}],"author":"SCPPstrecno","twitter_card":"summary_large_image","twitter_misc":{"Autor":"SCPPstrecno","Predpokladan\u00fd \u010das \u010d\u00edtania":"1 min\u00fata"},"schema":{"@context":"https:\/\/schema.org","@graph":[{"@type":"WebPage","@id":"https:\/\/scppstrecno.sk\/?p=278","url":"https:\/\/scppstrecno.sk\/?p=278","name":"NOV\u00c1 TER\u00e9NNa KANCEL\u00c1RIA - scppstrecno.sk","isPartOf":{"@id":"https:\/\/scppstrecno.sk\/#website"},"datePublished":"2023-09-16T15:09:21+00:00","dateModified":"2023-09-29T19:13:59+00:00","author":{"@id":"https:\/\/scppstrecno.sk\/#\/schema\/person\/ce374b7d6600ea9f4dae2e34770ef7cd"},"breadcrumb":{"@id":"https:\/\/scppstrecno.sk\/?p=278#breadcrumb"},"inLanguage":"sk-SK","potentialAction":[{"@type":"ReadAction","target":["https:\/\/scppstrecno.sk\/?p=278"]}]},{"@type":"BreadcrumbList","@id":"https:\/\/scppstrecno.sk\/?p=278#breadcrumb","itemListElement":[{"@type":"ListItem","position":1,"name":"Home","item":"https:\/\/scppstrecno.sk\/"},{"@type":"ListItem","position":2,"name":"NOV\u00c1 TER\u00e9NNa KANCEL\u00c1RIA"}]},{"@type":"WebSite","@id":"https:\/\/scppstrecno.sk\/#website","url":"https:\/\/scppstrecno.sk\/","name":"scppstrecno.sk","description":"","potentialAction":[{"@type":"SearchAction","target":{"@type":"EntryPoint","urlTemplate":"https:\/\/scppstrecno.sk\/?s={search_term_string}"},"query-input":"required name=search_term_string"}],"inLanguage":"sk-SK"},{"@type":"Person","@id":"https:\/\/scppstrecno.sk\/#\/schema\/person\/ce374b7d6600ea9f4dae2e34770ef7cd","name":"SCPPstrecno","image":{"@type":"ImageObject","inLanguage":"sk-SK","@id":"https:\/\/scppstrecno.sk\/#\/schema\/person\/image\/","url":"https:\/\/secure.gravatar.com\/avatar\/77bbd24804f8e003dcff1e6d152039cd?s=96&d=mm&r=g","contentUrl":"https:\/\/secure.gravatar.com\/avatar\/77bbd24804f8e003dcff1e6d152039cd?s=96&d=mm&r=g","caption":"SCPPstrecno"},"sameAs":["http:\/\/scppstrecno.sk"],"url":"https:\/\/scppstrecno.sk\/?author=1"}]}},"_links":{"self":[{"href":"https:\/\/scppstrecno.sk\/index.php?rest_route=\/wp\/v2\/posts\/278"}],"collection":[{"href":"https:\/\/scppstrecno.sk\/index.php?rest_route=\/wp\/v2\/posts"}],"about":[{"href":"https:\/\/scppstrecno.sk\/index.php?rest_route=\/wp\/v2\/types\/post"}],"author":[{"embeddable":true,"href":"https:\/\/scppstrecno.sk\/index.php?rest_route=\/wp\/v2\/users\/1"}],"replies":[{"embeddable":true,"href":"https:\/\/scppstrecno.sk\/index.php?rest_route=%2Fwp%2Fv2%2Fcomments&post=278"}],"version-history":[{"count":5,"href":"https:\/\/scppstrecno.sk\/index.php?rest_route=\/wp\/v2\/posts\/278\/revisions"}],"predecessor-version":[{"id":727,"href":"https:\/\/scppstrecno.sk\/index.php?rest_route=\/wp\/v2\/posts\/278\/revisions\/727"}],"wp:featuredmedia":[{"embeddable":true,"href":"https:\/\/scppstrecno.sk\/index.php?rest_route=\/wp\/v2\/media\/234"}],"wp:attachment":[{"href":"https:\/\/scppstrecno.sk\/index.php?rest_route=%2Fwp%2Fv2%2Fmedia&parent=278"}],"wp:term":[{"taxonomy":"category","embeddable":true,"href":"https:\/\/scppstrecno.sk\/index.php?rest_route=%2Fwp%2Fv2%2Fcategories&post=278"},{"taxonomy":"post_tag","embeddable":true,"href":"https:\/\/scppstrecno.sk\/index.php?rest_route=%2Fwp%2Fv2%2Ftags&post=278"}],"curies":[{"name":"wp","href":"https:\/\/api.w.org\/{rel}","templated":true}]}}